{"id":21362,"date":"2025-06-16T13:59:18","date_gmt":"2025-06-16T13:59:18","guid":{"rendered":"https:\/\/conilvacacioneslola.es\/?p=21362"},"modified":"2025-06-16T20:42:09","modified_gmt":"2025-06-16T20:42:09","slug":"descubre-conil-de-la-frontera-tu-destino-perfecto-en-la-costa-de-la-luz","status":"publish","type":"post","link":"https:\/\/conilvacacioneslola.es\/index.php\/2025\/06\/16\/descubre-conil-de-la-frontera-tu-destino-perfecto-en-la-costa-de-la-luz\/","title":{"rendered":"\u00abDescubre Conil de la Frontera: Tu Destino Perfecto en la Costa de la Luz\u00bb"},"content":{"rendered":"\n<p class=\"wp-block-paragraph\">Conil de la Frontera se ha consolidado como uno de los destinos m\u00e1s codiciados de la Costa de la Luz, ofreciendo una combinaci\u00f3n \u00fanica de tradici\u00f3n andaluza, playas espectaculares y una atm\u00f3sfera aut\u00e9ntica que conquista a todos los visitantes. Este encantador pueblo pesquero de C\u00e1diz, ba\u00f1ado por las aguas cristalinas del Atl\u00e1ntico, representa la esencia m\u00e1s pura de Andaluc\u00eda y se convierte en el escenario perfecto para unas vacaciones inolvidables.<\/p>\n\n\n\n<p class=\"wp-block-paragraph\"><strong>Conil Vacaciones Lola<\/strong> te invita a descubrir por qu\u00e9 este rinc\u00f3n de la Costa de la Luz se ha convertido en el refugio preferido de quienes buscan desconectar del bullicio urbano sin renunciar a la comodidad y el confort. Nuestro alojamiento en Conil te ofrece la oportunidad de vivir una experiencia aut\u00e9ntica, donde la hospitalidad andaluza se combina con servicios de calidad para garantizar una estancia memorable.<\/p>\n\n\n\n<h3 class=\"wp-block-heading\">La Magia de la Costa de la Luz<\/h3>\n\n\n\n<p class=\"wp-block-paragraph\">La Costa de la Luz, que se extiende desde la desembocadura del Guadiana hasta el Estrecho de Gibraltar, es reconocida mundialmente por sus playas de arena dorada, sus aguas cristalinas y su luz especial que ba\u00f1a este litoral durante m\u00e1s de 300 d\u00edas al a\u00f1o. Conil de la Frontera ocupa una posici\u00f3n privilegiada en este para\u00edso costero, donde las tradiciones marineras se mantienen vivas y el ritmo de vida invita a la relajaci\u00f3n y el disfrute.<\/p>\n\n\n\n<h3 class=\"wp-block-heading\">Alojamiento en Conil: Comodidad y Tradici\u00f3n<\/h3>\n\n\n\n<p class=\"wp-block-paragraph\">Elegir el alojamiento adecuado es fundamental para disfrutar al m\u00e1ximo de tus vacaciones en Conil. <strong>Conil Vacaciones Lola<\/strong> ofrece espacios cuidadosamente dise\u00f1ados que combinan el confort moderno con el encanto tradicional andaluz. Nuestras instalaciones est\u00e1n estrat\u00e9gicamente ubicadas para que puedas acceder f\u00e1cilmente a las mejores playas de Conil, al casco hist\u00f3rico y a los restaurantes m\u00e1s aut\u00e9nticos de la zona.<\/p>\n\n\n\n<h3 class=\"wp-block-heading\">Ideas para Viajar en Vacaciones: Conil te Espera<\/h3>\n\n\n\n<p class=\"wp-block-paragraph\">Conil de la Frontera ofrece infinitas posibilidades para todos los gustos y edades. Los amantes del sol y la playa encontrar\u00e1n en las playas de Los Bateles, Fontanilla o Calas de Roche el escenario perfecto para el relax. Para los m\u00e1s aventureros, las rutas de senderismo por los Pinares de Roche o las excursiones en barco por la costa prometen emociones \u00fanicas.<\/p>\n\n\n\n<p class=\"wp-block-paragraph\">Las familias con ni\u00f1os disfrutar\u00e1n de las amplias playas de arena fina, mientras que los aficionados a la gastronom\u00eda podr\u00e1n deleitarse con el mejor pescado y marisco fresco en los chiringuitos y restaurantes locales. Conil tambi\u00e9n es punto de partida ideal para explorar otros enclaves de la Costa de la Luz como C\u00e1diz, Chiclana, Barbate o la emblem\u00e1tica Tarifa.<\/p>\n\n\n\n<h3 class=\"wp-block-heading\">Tu Experiencia Comienza en Conil Vacaciones Lola<\/h3>\n\n\n\n<p class=\"wp-block-paragraph\">Desde <strong>Conil Vacaciones Lola<\/strong> te ayudamos a planificar la escapada perfecta a este rinc\u00f3n m\u00e1gico de Andaluc\u00eda. Nuestro conocimiento local y nuestra pasi\u00f3n por la hospitalidad garantizan que cada momento de tu estancia sea especial. Descubre por qu\u00e9 Conil de la Frontera se ha convertido en el destino preferido de quienes buscan vacaciones aut\u00e9nticas en la Costa de la Luz.<\/p>\n\n\n\n<p class=\"wp-block-paragraph\">\u00a1Reserva ya tu alojamiento en Conil y prep\u00e1rate para vivir una experiencia inolvidable en uno de los destinos m\u00e1s hermosos de Espa\u00f1a!<\/p>\n","protected":false},"excerpt":{"rendered":"<p>Conil de la Frontera se ha consolidado como uno de los destinos m\u00e1s codiciados de la Costa de la Luz, ofreciendo una combinaci\u00f3n \u00fanica de tradici\u00f3n andaluza, playas espectaculares y una atm\u00f3sfera aut\u00e9ntica que conquista a todos los visitantes. Este encantador pueblo pesquero de C\u00e1diz, ba\u00f1ado por las aguas cristalinas del Atl\u00e1ntico, representa la esencia&hellip;<\/p>\n","protected":false},"author":1,"featured_media":21370,"comment_status":"open","ping_status":"open","sticky":false,"template":"","format":"standard","meta":{"footnotes":""},"categories":[1],"tags":[],"class_list":["post-21362","post","type-post","status-publish","format-standard","has-post-thumbnail","hentry","category-uncategorized","category-1","description-off"],"_links":{"self":[{"href":"https:\/\/conilvacacioneslola.es\/index.php\/wp-json\/wp\/v2\/posts\/21362","targetHints":{"allow":["GET"]}}],"collection":[{"href":"https:\/\/conilvacacioneslola.es\/index.php\/wp-json\/wp\/v2\/posts"}],"about":[{"href":"https:\/\/conilvacacioneslola.es\/index.php\/wp-json\/wp\/v2\/types\/post"}],"author":[{"embeddable":true,"href":"https:\/\/conilvacacioneslola.es\/index.php\/wp-json\/wp\/v2\/users\/1"}],"replies":[{"embeddable":true,"href":"https:\/\/conilvacacioneslola.es\/index.php\/wp-json\/wp\/v2\/comments?post=21362"}],"version-history":[{"count":1,"href":"https:\/\/conilvacacioneslola.es\/index.php\/wp-json\/wp\/v2\/posts\/21362\/revisions"}],"predecessor-version":[{"id":21363,"href":"https:\/\/conilvacacioneslola.es\/index.php\/wp-json\/wp\/v2\/posts\/21362\/revisions\/21363"}],"wp:featuredmedia":[{"embeddable":true,"href":"https:\/\/conilvacacioneslola.es\/index.php\/wp-json\/wp\/v2\/media\/21370"}],"wp:attachment":[{"href":"https:\/\/conilvacacioneslola.es\/index.php\/wp-json\/wp\/v2\/media?parent=21362"}],"wp:term":[{"taxonomy":"category","embeddable":true,"href":"https:\/\/conilvacacioneslola.es\/index.php\/wp-json\/wp\/v2\/categories?post=21362"},{"taxonomy":"post_tag","embeddable":true,"href":"https:\/\/conilvacacioneslola.es\/index.php\/wp-json\/wp\/v2\/tags?post=21362"}],"curies":[{"name":"wp","href":"https:\/\/api.w.org\/{rel}","templated":true}]}}